
{"id":1374,"date":"2019-08-28T18:06:40","date_gmt":"2019-08-28T16:06:40","guid":{"rendered":"https:\/\/taniec.blog.polityka.pl\/?p=1374"},"modified":"2020-12-05T09:00:29","modified_gmt":"2020-12-05T08:00:29","slug":"polsko-japonski-projekt-taneczny","status":"publish","type":"post","link":"https:\/\/blog.polityka.pl\/taniec\/2019\/08\/28\/polsko-japonski-projekt-taneczny\/","title":{"rendered":"Polsko-japo\u0144ski projekt taneczny"},"content":{"rendered":"<p>Ide\u0105 <em>M\u0142odego Ducha Ta\u0144ca<\/em> jest po\u0142\u0105czenie \u015brodowisk baletowych z\u00a0Polski i\u00a0Japonii.<!--more--> Tegoroczna edycja jest dodatkowo po\u015bwi\u0119cona 100. rocznicy nawi\u0105zania oficjalnych stosunk\u00f3w dyplomatycznych mi\u0119dzy Polsk\u0105 i\u00a0Japoni\u0105.<\/p>\n<p>Inauguracja projektu nast\u0105pi\u0142a dwa lata temu w Teatrze Wielkim w \u0141odzi. Jego pomys\u0142odawc\u0105 i organizatorem jest Wies\u0142aw Dudek, wybitny tancerz, przez kilkana\u015bcie lat pierwszy solista Staatsballett Berlin, w\u00a0czasie kiedy kierowa\u0142 nim s\u0142ynny W\u0142adimir Ma\u0142achow. W przedsi\u0119wzi\u0119ciu bierze te\u017c udzia\u0142 Shoko Nakamura, w latach 2007-13 pierwsza solistka\u00a0Staatsballett Berlin, obecnie K-ballet company.<\/p>\n<div id=\"attachment_1375\" style=\"width: 694px\" class=\"wp-caption aligncenter\"><img loading=\"lazy\" decoding=\"async\" aria-describedby=\"caption-attachment-1375\" class=\"size-full wp-image-1375\" src=\"\/wp-content\/uploads\/2019\/08\/599c6c5883c8878dbc127710f01fbd45.jpeg\" alt=\"M\u0142ody Duch Ta\u0144ca\" width=\"684\" height=\"960\" srcset=\"\/taniec\/wp-content\/uploads\/2019\/08\/599c6c5883c8878dbc127710f01fbd45.jpeg 684w, \/taniec\/wp-content\/uploads\/2019\/08\/599c6c5883c8878dbc127710f01fbd45-214x300.jpeg 214w\" sizes=\"(max-width: 684px) 100vw, 684px\" \/><p id=\"caption-attachment-1375\" class=\"wp-caption-text\">M\u0142ody Duch Ta\u0144ca<\/p><\/div>\n<p>Z naszego krajowego punktu widzenia wa\u017cnym aspektem jest stworzenie uczniom szk\u00f3\u0142 baletowych warunk\u00f3w do zademonstrowania nabytych w trakcie edukacji umiej\u0119tno\u015bci, skonfrontowanie ich z du\u017c\u0105 scen\u0105 i publiczno\u015bci\u0105. Od wielu bowiem lat problemem polskich absolwent\u00f3w jest brak do\u015bwiadczenia scenicznego spowodowany niewielkim dost\u0119pem do praktyk, co niestety cz\u0119sto przek\u0142ada si\u0119 na trudno\u015bci z uzyskaniem anga\u017cu w profesjonalnym zespole baletowym. A wymagania jakie stawia si\u0119 m\u0142odym adeptom sztuki ta\u0144ca &#8211; w polskich i zagranicznych teatrach &#8211; s\u0105 wysokie. Obok sprawno\u015bci technicznej, koordynacji, precyzji, lekko\u015bci i swobody ruch\u00f3w, umiej\u0119tno\u015bci partnerowania, wymaga si\u0119 od nich doskona\u0142ej interpretacji, wyrazu aktorskiego, temperamentu, zdolno\u015bci odnajdywania si\u0119 w\u00a0r\u00f3\u017cnych technikach i\u00a0stylach tanecznych, znajomo\u015bci repertuaru klasycznego, neoklasycznego i\u00a0wsp\u00f3\u0142czesnego. O wszystkich tych elementach pisa\u0142am relacjonuj\u0105c <a href=\"https:\/\/przekroj.pl\/artykuly\/recenzje\/mlody-duch-tanca\">\u0142\u00f3dzk\u0105 gal\u0119<\/a>.<\/p>\n<p>W tym roku m\u0142odzi arty\u015bci mieli ju\u017c okazj\u0119 wyst\u0105pi\u0107 w Japonii i podczas Mi\u0119dzynarodowego Festiwalu Ta\u0144ca w L\u0105dku Zdroju. Jutro (29.08) zata\u0144cz\u0105 w Kosz\u0119cinie w siedzibie Zespo\u0142u Pie\u015bni i Ta\u0144ca \u201e\u015al\u0105sk\u201d, kt\u00f3rego tw\u00f3rcy, Stanis\u0142awowi Hadynie, po\u015bwi\u0119cony jest artyku\u0142 <a href=\"https:\/\/www.polityka.pl\/tygodnikpolityka\/historia\/1921208,1,przeboje-slaska.read\">w nowej \u201ePolityce\u201d<\/a>.\u00a0Kolejne przedstawienia odb\u0119d\u0105 si\u0119 w Piotrkowie Trybunalskim, Bytomiu, we Wroc\u0142awiu oraz w Poznaniu i \u0141odzi.\u00a0Fina\u0142 nast\u0105pi 8 wrze\u015bnia w Teatrze Wielkim w Warszawie. Niestety termin ten pokrywa si\u0119 z zaplanowanym przeze mnie wcze\u015bniej wyjazdem. Tak wi\u0119c polecam i tylko zapowiadam to wydarzenie. My\u015bl\u0119, \u017ce warto kibicowa\u0107 temu projektowi. Wyst\u0119py, kt\u00f3re widzia\u0142am w \u0141odzi zrobi\u0142y na mnie du\u017ce wra\u017cenie.<\/p>\n","protected":false},"excerpt":{"rendered":"<p>W tym roku m\u0142odzi arty\u015bci mieli ju\u017c okazj\u0119 wyst\u0105pi\u0107 w Japonii i podczas Mi\u0119dzynarodowego Festiwalu Ta\u0144ca w L\u0105dku Zdroju. Jutro zata\u0144cz\u0105 w Kosz\u0119cinie w siedzibie Zespo\u0142u Pie\u015bni i Ta\u0144ca \u201e\u015al\u0105sk\u201d, kt\u00f3rego tw\u00f3rcy, Stanis\u0142awowi Hadynie, po\u015bwi\u0119cony jest artyku\u0142 w nowej \u201ePolityce\u201d.<\/p>\n","protected":false},"author":10,"featured_media":1375,"comment_status":"open","ping_status":"closed","sticky":false,"template":"","format":"standard","meta":{"footnotes":""},"categories":[4,111,6],"tags":[],"_links":{"self":[{"href":"https:\/\/blog.polityka.pl\/taniec\/wp-json\/wp\/v2\/posts\/1374"}],"collection":[{"href":"https:\/\/blog.polityka.pl\/taniec\/wp-json\/wp\/v2\/posts"}],"about":[{"href":"https:\/\/blog.polityka.pl\/taniec\/wp-json\/wp\/v2\/types\/post"}],"author":[{"embeddable":true,"href":"https:\/\/blog.polityka.pl\/taniec\/wp-json\/wp\/v2\/users\/10"}],"replies":[{"embeddable":true,"href":"https:\/\/blog.polityka.pl\/taniec\/wp-json\/wp\/v2\/comments?post=1374"}],"version-history":[{"count":5,"href":"https:\/\/blog.polityka.pl\/taniec\/wp-json\/wp\/v2\/posts\/1374\/revisions"}],"predecessor-version":[{"id":3055,"href":"https:\/\/blog.polityka.pl\/taniec\/wp-json\/wp\/v2\/posts\/1374\/revisions\/3055"}],"wp:featuredmedia":[{"embeddable":true,"href":"https:\/\/blog.polityka.pl\/taniec\/wp-json\/wp\/v2\/media\/1375"}],"wp:attachment":[{"href":"https:\/\/blog.polityka.pl\/taniec\/wp-json\/wp\/v2\/media?parent=1374"}],"wp:term":[{"taxonomy":"category","embeddable":true,"href":"https:\/\/blog.polityka.pl\/taniec\/wp-json\/wp\/v2\/categories?post=1374"},{"taxonomy":"post_tag","embeddable":true,"href":"https:\/\/blog.polityka.pl\/taniec\/wp-json\/wp\/v2\/tags?post=1374"}],"curies":[{"name":"wp","href":"https:\/\/api.w.org\/{rel}","templated":true}]}}