
{"id":2587,"date":"2020-08-27T19:38:43","date_gmt":"2020-08-27T17:38:43","guid":{"rendered":"https:\/\/taniec.blog.polityka.pl\/?p=2587"},"modified":"2021-04-26T07:21:58","modified_gmt":"2021-04-26T05:21:58","slug":"baletowy-projekt-kulczyk-foundation","status":"publish","type":"post","link":"https:\/\/blog.polityka.pl\/taniec\/2020\/08\/27\/baletowy-projekt-kulczyk-foundation\/","title":{"rendered":"Baletowy projekt Kulczyk Foundation"},"content":{"rendered":"\n<p>19 sierpnia The New York Times du\u017co miejsca po\u015bwi\u0119ci\u0142 Danielowi Owoseni Ajala, za\u0142o\u017cycielowi Leap of Dance Academy, bezp\u0142atnej akademii ta\u0144ca dzia\u0142aj\u0105cej na przedmie\u015bciu Lagos w Nigerii. Pretekstem do powstania artyku\u0142u by\u0142 medialny rozg\u0142os, kt\u00f3rego g\u0142\u00f3wnym bohaterem jest jedenastoletni Anthony Mmesoma Madu, jeden z najbardziej utalentowanych uczni\u00f3w Ajali, a nied\u0142ugo stypendysta Kennedy Onassis School of American Ballet Theater. Jego piruety wykonywane podczas deszczu i w b\u0142ocie obejrza\u0142o w sieci miliony internaut\u00f3w, dzi\u0119ki czemu lokalny projekt edukacyjny studenta zarz\u0105dzania biznesem i samouka baletowego, w dzieci\u0144stwie zafascynowanego filmem \u201eSave the Last Dance\u201d, kt\u00f3ry sam straci\u0142 szans\u0119 zostania zawodowym tancerzem, ale chce poprzez taniec klasyczny zmienia\u0107 \u017cycie ubogich Nigeryjczyk\u00f3w, sta\u0142 si\u0119 znany w\u015br\u00f3d szerokiego grona profesjonalist\u00f3w, ludzi medi\u00f3w, kultury i prywatnych darczy\u0144c\u00f3w.<\/p>\n\n\n\n<p><strong>Czytaj te\u017c:<\/strong> <a href=\"https:\/\/www.nytimes.com\/2020\/08\/19\/arts\/dance\/lagos-ballet-school-viral-video.html\">In Lagos, a Homegrown Ballet Academy Leaps Into the Spotlight<\/a><\/p>\n\n\n\n<p>O korzy\u015bciach p\u0142yn\u0105cych z edukacji tanecznej pisa\u0142am w ubieg\u0142ym roku &#8211; mi\u0119dzy innymi we wpisie <a href=\"https:\/\/taniec.blog.polityka.pl\/2019\/10\/25\/dlaczego-taniec-jest-rownie-wazny-jak-matematyka\/\">\u201eDlaczego taniec jest r\u00f3wnie wa\u017cny jak matematyka?\u201d<\/a>.  W pa\u0144stwach, takich jak: Nigeria czy Kenia, taniec klasyczny jest jeszcze wa\u017cniejszy. \u201eBalet sprawia, \u017ce czuj\u0119 si\u0119 wielk\u0105 gwiazd\u0105\u201d, \u201eDzi\u0119ki ta\u0144cowi czuj\u0119 si\u0119 lepiej i z nikogo staj\u0119 si\u0119 kim\u015b\u201d, \u201eTaniec sprawia, \u017ce jestem z siebie dumny\u201d &#8211; m\u00f3wi\u0105 dzieci \u017cyj\u0105ce w slumsach w Kiberze. Na za\u0142\u0105czonym<a href=\"https:\/\/www.youtube.com\/watch?v=rcn1ZswmX_0\"> tutaj<\/a> filmie mog\u0105 si\u0119 Pa\u0144stwo przekona\u0107, \u017ce cho\u0107 \u0107wicz\u0105 w sparta\u0144skich warunkach, ich \u017cycie dzi\u0119ki ta\u0144cowi, konieczno\u015bci pokonywania przeszk\u00f3d, celom, do kt\u00f3rych d\u0105\u017c\u0105, staje si\u0119 bardziej zno\u015bne i nabiera sensu. \u201eWidok tych dzieci, kt\u00f3re poprzez taniec odzyskuj\u0105 pewno\u015b\u0107 siebie, \u0142ami\u0105 stereotypy i podzia\u0142y spo\u0142eczne, jest dowodem na to, \u017ce praca Mike\u2019a ma wielki sens\u201d &#8211; to s\u0105 z kolei s\u0142owa Dominiki Kulczyk. Fundacja, kt\u00f3r\u0105 zarz\u0105dza wspiera edukacyjny \u201eProject Elimu\u201d (\u201eelimu\u201d w j\u0119zyku suahili oznacza \u201eedukacj\u0119\u201d), kenijskiego tancerza i nauczyciela baletu Mike\u2019a Wamaya. Wi\u0119cej o projekcie i sposobach jego realizacji &#8211; poprzez edukacj\u0119 artystyczn\u0105 i zaj\u0119cia baletowe w slumsach Nairobi &#8211; mog\u0105 Pa\u0144stwo przeczyta\u0107 <a href=\"https:\/\/kulczykfoundation.org.pl\/co-robimy\/pomocowe\/kenia-project-elimu\">w tym miejscu<\/a>. Zach\u0119cam te\u017c do obejrzenia <a href=\"https:\/\/player.pl\/programy-online\/efekt-domina-odcinki,1991\/odcinek-3,S06E03,130304\">\u201eG\u0142osu Kibery\u201d<\/a>, jednego z odcink\u00f3w serialu dokumentalnego \u201eEfekt Domina\u201d, po\u015bwi\u0119conego w\u0142a\u015bnie tej sferze dzia\u0142alno\u015bci Kulczyk Foundation. I do wspierania edukacyjnych program\u00f3w baletowych w Afryce. \u201eTaniec pozwoli\u0142 tym dzieciom marzy\u0107, edukacja pozwoli zrealizowa\u0107 te marzenia\u201d &#8211; m\u00f3wi Dominika Kulczyk.<\/p>\n\n\n\n<p><strong>Czytaj te\u017c:<\/strong><\/p>\n\n\n\n<p><a href=\"https:\/\/taniec.blog.polityka.pl\/2019\/11\/10\/gimnastyka-wazna-jak-matematyka\/\">Gimnastyka wa\u017cna jak matematyka<\/a><\/p>\n\n\n\n<p><a href=\"https:\/\/taniec.blog.polityka.pl\/2019\/08\/27\/baletowa-afera-w-ameryce\/\">Baletowa afera w Ameryce<\/a><\/p>\n\n\n\n<p><a href=\"https:\/\/taniec.blog.polityka.pl\/2019\/09\/03\/baletowej-afery-ciag-dalszy\/\">Baletowej afery ci\u0105g dalszy<\/a><\/p>\n","protected":false},"excerpt":{"rendered":"<p>19 sierpnia The New York Times du\u017co miejsca po\u015bwi\u0119ci\u0142 Danielowi Owoseni Ajala, za\u0142o\u017cycielowi Leap of Dance Academy, bezp\u0142atnej akademii ta\u0144ca dzia\u0142aj\u0105cej na przedmie\u015bciu Lagos w Nigerii. Pretekstem do powstania artyku\u0142u by\u0142 medialny rozg\u0142os, kt\u00f3rego g\u0142\u00f3wnym bohaterem jest jedenastoletni Anthony Mmesoma Madu, jeden z najbardziej utalentowanych uczni\u00f3w Ajali, a nied\u0142ugo stypendysta Kennedy Onassis School of American [&hellip;]<\/p>\n","protected":false},"author":10,"featured_media":2588,"comment_status":"open","ping_status":"closed","sticky":false,"template":"","format":"standard","meta":{"footnotes":""},"categories":[4,111,6],"tags":[356,350,349],"_links":{"self":[{"href":"https:\/\/blog.polityka.pl\/taniec\/wp-json\/wp\/v2\/posts\/2587"}],"collection":[{"href":"https:\/\/blog.polityka.pl\/taniec\/wp-json\/wp\/v2\/posts"}],"about":[{"href":"https:\/\/blog.polityka.pl\/taniec\/wp-json\/wp\/v2\/types\/post"}],"author":[{"embeddable":true,"href":"https:\/\/blog.polityka.pl\/taniec\/wp-json\/wp\/v2\/users\/10"}],"replies":[{"embeddable":true,"href":"https:\/\/blog.polityka.pl\/taniec\/wp-json\/wp\/v2\/comments?post=2587"}],"version-history":[{"count":6,"href":"https:\/\/blog.polityka.pl\/taniec\/wp-json\/wp\/v2\/posts\/2587\/revisions"}],"predecessor-version":[{"id":2609,"href":"https:\/\/blog.polityka.pl\/taniec\/wp-json\/wp\/v2\/posts\/2587\/revisions\/2609"}],"wp:featuredmedia":[{"embeddable":true,"href":"https:\/\/blog.polityka.pl\/taniec\/wp-json\/wp\/v2\/media\/2588"}],"wp:attachment":[{"href":"https:\/\/blog.polityka.pl\/taniec\/wp-json\/wp\/v2\/media?parent=2587"}],"wp:term":[{"taxonomy":"category","embeddable":true,"href":"https:\/\/blog.polityka.pl\/taniec\/wp-json\/wp\/v2\/categories?post=2587"},{"taxonomy":"post_tag","embeddable":true,"href":"https:\/\/blog.polityka.pl\/taniec\/wp-json\/wp\/v2\/tags?post=2587"}],"curies":[{"name":"wp","href":"https:\/\/api.w.org\/{rel}","templated":true}]}}