
{"id":2912,"date":"2020-10-29T11:15:05","date_gmt":"2020-10-29T10:15:05","guid":{"rendered":"https:\/\/taniec.blog.polityka.pl\/?p=2912"},"modified":"2020-10-29T22:10:02","modified_gmt":"2020-10-29T21:10:02","slug":"w-swiatowy-dzien-baletu-krakow-tancem-malowany","status":"publish","type":"post","link":"https:\/\/blog.polityka.pl\/taniec\/2020\/10\/29\/w-swiatowy-dzien-baletu-krakow-tancem-malowany\/","title":{"rendered":"W \u015awiatowy Dzie\u0144 Baletu: Krak\u00f3w ta\u0144cem malowany"},"content":{"rendered":"\n<p>22 pa\u017adziernika na kanale YouTube Baletu Cracovia Danza&nbsp;pojawi\u0142 si\u0119 ten oto sfilmowany happening, nawi\u0105zuj\u0105cy do ulicznych przedstawie\u0144, kt\u00f3rych historia si\u0119ga XIII wieku, a kt\u00f3re rozwin\u0105wszy si\u0119 w bardziej skomplikowane i usystematyzowane formy da\u0142y pocz\u0105tek widowiskom dworskim, a jeszcze p\u00f3\u017aniej, wystawianym na zawodowych scenach, spektaklom baletowym:   <\/p>\n\n\n\n<figure class=\"wp-block-embed-youtube wp-block-embed is-type-video is-provider-youtube wp-embed-aspect-16-9 wp-has-aspect-ratio\"><div class=\"wp-block-embed__wrapper\">\n<iframe loading=\"lazy\" title=\"Krak\u00f3w mamy na g\u0142owie \/ Happening Cracovia Danza: balet  mie\u015bcie\" width=\"1778\" height=\"1000\" src=\"https:\/\/www.youtube.com\/embed\/UN7qt2nAG2g?feature=oembed\" frameborder=\"0\" allow=\"accelerometer; autoplay; clipboard-write; encrypted-media; gyroscope; picture-in-picture\" allowfullscreen><\/iframe>\n<\/div><\/figure>\n\n\n\n<p>W ten spos\u00f3b dyrektor Romana Agnel zapowiedzia\u0142a internetow\u0105 emisj\u0119 cyklu \u201eKrak\u00f3w ta\u0144cem malowany\u201d, seri\u0119 nakr\u0119conych latem &#8211; podczas 21. Festiwalu Ta\u0144c\u00f3w Dworskich \u201eCracovia Danza\u201d &#8211; film\u00f3w promuj\u0105cych Krak\u00f3w, taniec i muzyk\u0119 w otoczeniu kultowych zabytk\u00f3w, atrakcji przyci\u0105gaj\u0105cych turyst\u00f3w z ca\u0142ego \u015bwiata. W ubieg\u0142y pi\u0105tek odby\u0142a si\u0119 premiera pierwszego z nich, odcinka zatytu\u0142owanego \u201eKrakowskie maszkary\u201d. W sieci trwaj\u0105 ju\u017c b\u0105d\u017a niebawem rozpoczn\u0105 si\u0119, <a href=\"https:\/\/taniec.blog.polityka.pl\/2020\/10\/14\/swiatowy-dzien-baletu-2020\/\">zapowiadane przeze mnie kilka wpis\u00f3w temu<\/a>, transmisje z lekcji i pr\u00f3b odbywaj\u0105cych si\u0119 w najs\u0142ynniejszych zespo\u0142ach baletowych w&nbsp;nowej covidowej rzeczywisto\u015bci. Ale w \u015awiatowy Dzie\u0144 Baletu proponuj\u0119 te\u017c cofn\u0105\u0107 si\u0119 do opowie\u015bci \u201ejakie by\u0142y baletu pocz\u0105tki\u201d. <\/p>\n\n\n\n<p>W filmie, kt\u00f3rego prowadz\u0105c\u0105 jest dyrektor Romana Agnel, a jej go\u015bciem Anna \u015aliwa, kierownik artystyczny Zespo\u0142u Instrument\u00f3w Dawnych \u201eIntrada\u201d, p\u0142ynnie przeplata si\u0119 kilka w\u0105tk\u00f3w. Jest w nim mowa o historii Sukiennic i s\u0142ynnych maszkaron\u00f3w Santi Gucciego, o ta\u0144cu renesansowym w stylu francuskim opisanym w 1589 roku przez Thoinot Arbeau w traktacie \u201eOrchesographie\u201d, o historii muzyki instrumentalnej, kt\u00f3ra wyemancypowawszy si\u0119 na pierwszy plan wysun\u0119\u0142a muzyk\u0119 do ta\u0144ca, o kieszonkowych, niewykluczone, \u017ce powsta\u0142ych specjalnie dla potrzeb ta\u0144ca, skrzypcach nazywanych \u201esurdynk\u0105\u201d, na kt\u00f3rych grali \u00f3wcze\u015bni mistrzowie (nauczyciele) ta\u0144ca, o ludowym pochodzeniu ta\u0144c\u00f3w dworskich i ich wysokim poziomie technicznym. Wreszcie o ta\u0144cach teatralnych, takich jak maureta\u0144skiego pochodzenia Moreska, jeden z najbardziej popularnych widowiskowych ta\u0144c\u00f3w renesansowych, ta\u0144czona z przyczepianymi do n\u00f3g brz\u0119cz\u0105cymi dzwoneczkami i w maskach, w spektaklu zrealizowanym przez Balet Cracovia Danza w maskach maszkaron\u00f3w z Sukiennic.<\/p>\n\n\n\n<p>#WorldBalletDay<\/p>\n\n\n\n<p>#Zosta\u0144wdomu i&nbsp;ogl\u0105daj balet!<\/p>\n\n\n\n<figure class=\"wp-block-embed-youtube wp-block-embed is-type-video is-provider-youtube wp-embed-aspect-16-9 wp-has-aspect-ratio\"><div class=\"wp-block-embed__wrapper\">\n<iframe loading=\"lazy\" title=\"Krak\u00f3w ta\u0144cem malowany - Krakowskie maszkary \/ Krakow Painted with Dance - Mascarons of Krakow\" width=\"1778\" height=\"1000\" src=\"https:\/\/www.youtube.com\/embed\/Kwtv0TMLAgU?feature=oembed\" frameborder=\"0\" allow=\"accelerometer; autoplay; clipboard-write; encrypted-media; gyroscope; picture-in-picture\" allowfullscreen><\/iframe>\n<\/div><\/figure>\n\n\n\n<p><strong>Wi\u0119cej o planowanych spektaklach<\/strong>: <a href=\"http:\/\/cracoviadanza.pl\/aktualnosc\/233\">Jesie\u0144 artystyczna Baletu Cracovia Danza<\/a><\/p>\n\n\n\n<p><strong>Czytaj te\u017c:<\/strong><\/p>\n\n\n\n<p><a href=\"https:\/\/taniec.blog.polityka.pl\/2020\/10\/14\/swiatowy-dzien-baletu-2020\/\">\u015awiatowy Dzie\u0144 Baletu 2020<\/a><\/p>\n\n\n\n<p><a href=\"https:\/\/taniec.blog.polityka.pl\/2020\/09\/18\/balet-na-scenie-dwie-premiery-w-warszawie-i-gala-w-berlinie\/\">Balet na scenie. Dwie premiery w&nbsp;Warszawie i&nbsp;gala w&nbsp;Berlinie<\/a><\/p>\n\n\n\n<p><a href=\"https:\/\/taniec.blog.polityka.pl\/2018\/06\/19\/krakowska-gala-baletowa-grand-pas\/\">Krakowska gala baletowa \u201eGrand pas\u2026!\u201d<\/a><\/p>\n\n\n\n<p><a href=\"http:\/\/www.joannabrych.pl\/blog-1\/wspolczesny-balet-w-renesansowej-scenerii-1\">Wsp\u00f3\u0142czesny balet w renesansowej scenerii<\/a><\/p>\n\n\n\n<p><br><\/p>\n","protected":false},"excerpt":{"rendered":"<p>22 pa\u017adziernika na kanale YouTube Baletu Cracovia Danza&nbsp;pojawi\u0142 si\u0119 ten oto sfilmowany happening, nawi\u0105zuj\u0105cy do ulicznych przedstawie\u0144, kt\u00f3rych historia si\u0119ga XIII wieku, a kt\u00f3re rozwin\u0105wszy si\u0119 w bardziej skomplikowane i usystematyzowane formy da\u0142y pocz\u0105tek widowiskom dworskim, a jeszcze p\u00f3\u017aniej, wystawianym na zawodowych scenach, spektaklom baletowym: W ten spos\u00f3b dyrektor Romana Agnel zapowiedzia\u0142a internetow\u0105 emisj\u0119 cyklu [&hellip;]<\/p>\n","protected":false},"author":10,"featured_media":2913,"comment_status":"open","ping_status":"closed","sticky":false,"template":"","format":"standard","meta":{"footnotes":""},"categories":[4,388,130],"tags":[369,376,377],"_links":{"self":[{"href":"https:\/\/blog.polityka.pl\/taniec\/wp-json\/wp\/v2\/posts\/2912"}],"collection":[{"href":"https:\/\/blog.polityka.pl\/taniec\/wp-json\/wp\/v2\/posts"}],"about":[{"href":"https:\/\/blog.polityka.pl\/taniec\/wp-json\/wp\/v2\/types\/post"}],"author":[{"embeddable":true,"href":"https:\/\/blog.polityka.pl\/taniec\/wp-json\/wp\/v2\/users\/10"}],"replies":[{"embeddable":true,"href":"https:\/\/blog.polityka.pl\/taniec\/wp-json\/wp\/v2\/comments?post=2912"}],"version-history":[{"count":5,"href":"https:\/\/blog.polityka.pl\/taniec\/wp-json\/wp\/v2\/posts\/2912\/revisions"}],"predecessor-version":[{"id":2918,"href":"https:\/\/blog.polityka.pl\/taniec\/wp-json\/wp\/v2\/posts\/2912\/revisions\/2918"}],"wp:featuredmedia":[{"embeddable":true,"href":"https:\/\/blog.polityka.pl\/taniec\/wp-json\/wp\/v2\/media\/2913"}],"wp:attachment":[{"href":"https:\/\/blog.polityka.pl\/taniec\/wp-json\/wp\/v2\/media?parent=2912"}],"wp:term":[{"taxonomy":"category","embeddable":true,"href":"https:\/\/blog.polityka.pl\/taniec\/wp-json\/wp\/v2\/categories?post=2912"},{"taxonomy":"post_tag","embeddable":true,"href":"https:\/\/blog.polityka.pl\/taniec\/wp-json\/wp\/v2\/tags?post=2912"}],"curies":[{"name":"wp","href":"https:\/\/api.w.org\/{rel}","templated":true}]}}